{"id":105,"date":"2008-12-07T16:57:00","date_gmt":"2008-12-07T16:57:00","guid":{"rendered":"http:\/\/www.evildressmaker.com\/?p=105"},"modified":"2008-12-07T16:57:00","modified_gmt":"2008-12-07T16:57:00","slug":"verkkareissa-linnan-juhliin","status":"publish","type":"post","link":"http:\/\/www.evildressmaker.com\/?p=105","title":{"rendered":"Verkkareissa Linnan juhliin"},"content":{"rendered":"<p><span style=\"font-family:arial;\"><br \/>Perinteisesti aina itsen\u00e4isyysp\u00e4iv\u00e4n iltana kidutan is\u00e4nt\u00e4\u00e4 katsomalta Presidentinlinnan juhlavastaanottoa. N\u00e4in tapahtui t\u00e4n\u00e4kin vuonna. Varsinainen ohjel<\/span><span style=\"font-family:arial;\">mahan on tappavan tyls\u00e4 mutta puvut kiinnostavat l\u00e4hinn\u00e4 ammatillisista syist\u00e4. Niin juhlapuku-tilaisuus kuin onkin, Linnan juhlat heijastelevat usein sen hetken naisten muotia ja yhteiskunna<\/span><span style=\"font-family:arial;\">llisia ilmi\u00f6it\u00e4. Itse yleens\u00e4 l\u00f6h\u00f6ydyn sohvalle tilanteeseen sopivalla arvokuudella, verkkareissa, villasukissa ja trikootopissa, joulutorttujen ja kahvikupillisen kera.<\/span>  <span style=\"font-family:arial;\"><\/p>\n<p>Suosituin juhlapuku-v\u00e4ri on edelleen musta, mutta suosittuja olivat my\u00f6s vaaleat siniset ja erilaiset kullan s\u00e4vyt. T\u00e4n\u00e4 vuonna puvu<\/span><span style=\"font-family:arial;\">is<\/span><span style=\"font-family:arial;\">sa n\u00e4h<\/span><span style=\"font-family:arial;\">tiin my\u00f6s vintagea tai vintage-tyylin mukaan suunniteltuja pukuja. Mukaan mahtui kierr\u00e4tysmateria<\/span><span style=\"font-family:arial;\">alista valmistettuja pukuja joita on mennein\u00e4 vuosina n\u00e4hty yh\u00e4 enemm\u00e4n. Harva muistaa nykyp\u00e4iv\u00e4n\u00e4 ett\u00e4 esim jo Assi Koivisto kierr\u00e4tti is\u00e4ns\u00e4 virkakautena Linnan juhlissa \u00e4itins\u00e4 vanhaa juhlapukua h\u00e4nelle sopivaksi tuunattuna. Henkil\u00f6kohtaisesti en n\u00e4e ett\u00e4 puuvillaverho on materiaalina tarpeeksi juhlava kangas niin arvokkaaseen juhlaan, mutta ilmeisesti joku toinen on eri mielt\u00e4 koska sellainenkin puku mukaan mahtui. Musta pitsi n\u00e4ytti<\/span><span style=\"font-family:arial;\"> olevan yksi suosituimmista materiaaleista.<\/span>  <span style=\"font-family:arial;\">T\u00e4ss\u00e4 lyhyesti omia suosikkejani.<\/p>\n<p><\/span><\/p>\n<div style=\"text-align: center;\"><a onblur=\"try {parent.deselectBloggerImageGracefully();} catch(e) {}\" href=\"https:\/\/i0.wp.com\/3.bp.blogspot.com\/_7ICt0n5OGYg\/STuf8Efx41I\/AAAAAAAAAqc\/qcMVKZtsc1M\/s1600-h\/minnakauppi.jpg\"><img data-recalc-dims=\"1\" decoding=\"async\" style=\"margin: 0px auto 10px; display: block; text-align: center; cursor: pointer; width: 213px; height: 320px;\" src=\"https:\/\/i0.wp.com\/3.bp.blogspot.com\/_7ICt0n5OGYg\/STuf8Efx41I\/AAAAAAAAAqc\/qcMVKZtsc1M\/s320\/minnakauppi.jpg?w=1000\" alt=\"\" id=\"BLOGGER_PHOTO_ID_5276987242742670162\" border=\"0\" \/><\/a><span style=\";font-family:georgia;font-size:85%;\"  ><span style=\"font-style: italic; font-weight: bold;\">Minna Kauppi &#8211; pitk\u00e4n naisen n\u00e4ytt\u00e4v\u00e4 kokonaisuus,<br \/>kuva ei tee oikeutta puvulle,<br \/>helmat liehuivat upeasti Minnan k\u00e4velless\u00e4<\/span> <\/span><\/div>\n<p><span style=\"font-family:arial;\"><br \/><\/span><\/p>\n<div style=\"text-align: center;\"><a onblur=\"try {parent.deselectBloggerImageGracefully();} catch(e) {}\" href=\"https:\/\/i0.wp.com\/4.bp.blogspot.com\/_7ICt0n5OGYg\/STuft7IjR8I\/AAAAAAAAAqU\/IUGIzuSvBug\/s1600-h\/Mikki%26TiinaKunttu.jpg\"><img data-recalc-dims=\"1\" decoding=\"async\" style=\"margin: 0px auto 10px; display: block; text-align: center; cursor: pointer; width: 213px; height: 320px;\" src=\"https:\/\/i0.wp.com\/4.bp.blogspot.com\/_7ICt0n5OGYg\/STuft7IjR8I\/AAAAAAAAAqU\/IUGIzuSvBug\/s320\/Mikki%26TiinaKunttu.jpg?w=1000\" alt=\"\" id=\"BLOGGER_PHOTO_ID_5276986999711156162\" border=\"0\" \/><\/a><span style=\";font-family:georgia;font-size:85%;\"  ><span style=\"font-style: italic; font-weight: bold;\">Tiina Kunttu &#8211; seksik\u00e4s ja tyylik\u00e4s, erilainen malli joka<br \/>mustana j\u00e4i muutaman n\u00e4ytt\u00e4v\u00e4mm\u00e4n v\u00e4rin varjoon,<br \/>pid\u00e4n kovasti n\u00e4ist\u00e4 kaksiv\u00e4risist\u00e4 joissa tumma l\u00e4pikuultava<br \/>kangas p\u00e4\u00e4ll\u00e4 ja vaalea (yleens\u00e4 beige) peitt\u00e4v\u00e4 kangas alla<\/span> <\/span><\/div>\n<p><span style=\"font-family:arial;\"><br \/><\/span><\/p>\n<div style=\"text-align: center;\"><a onblur=\"try {parent.deselectBloggerImageGracefully();} catch(e) {}\" href=\"https:\/\/i0.wp.com\/4.bp.blogspot.com\/_7ICt0n5OGYg\/STuftiaMFkI\/AAAAAAAAAqE\/T16VVtEByJw\/s1600-h\/rajala_lyly.jpg\"><img data-recalc-dims=\"1\" decoding=\"async\" style=\"margin: 0px auto 10px; display: block; text-align: center; cursor: pointer; width: 213px; height: 320px;\" src=\"https:\/\/i0.wp.com\/4.bp.blogspot.com\/_7ICt0n5OGYg\/STuftiaMFkI\/AAAAAAAAAqE\/T16VVtEByJw\/s320\/rajala_lyly.jpg?w=1000\" alt=\"\" id=\"BLOGGER_PHOTO_ID_5276986993074247234\" border=\"0\" \/><\/a><span style=\";font-family:georgia;font-size:85%;\"  ><span style=\"font-style: italic; font-weight: bold;\">Pirjo Ollikainen &#8211; n\u00e4ytt\u00e4v\u00e4 musta-valkoinen kokonaisuus,<br \/>joskin tuo hartiahuivi-sydeemi on hieman hassu<\/p>\n<p><\/span><\/span><\/div>\n<div style=\"text-align: center;\"><a onblur=\"try {parent.deselectBloggerImageGracefully();} catch(e) {}\" href=\"https:\/\/i0.wp.com\/4.bp.blogspot.com\/_7ICt0n5OGYg\/STueQ-V7YbI\/AAAAAAAAAp8\/girTxDmTwAE\/s1600-h\/satu_taiveaho.jpg\"><img data-recalc-dims=\"1\" decoding=\"async\" style=\"margin: 0px auto 10px; display: block; text-align: center; cursor: pointer; width: 213px; height: 320px;\" src=\"https:\/\/i0.wp.com\/4.bp.blogspot.com\/_7ICt0n5OGYg\/STueQ-V7YbI\/AAAAAAAAAp8\/girTxDmTwAE\/s320\/satu_taiveaho.jpg?w=1000\" alt=\"\" id=\"BLOGGER_PHOTO_ID_5276985402844733874\" border=\"0\" \/><\/a><span style=\";font-family:georgia;font-size:85%;\"  ><span style=\"font-style: italic; font-weight: bold;\">Satu Taiveaho &#8211; upea malli ja v\u00e4ri, glamouria parhaimmillaan<\/span> <\/span><\/div>\n<p><\/p>\n<div style=\"text-align: center;\"><a onblur=\"try {parent.deselectBloggerImageGracefully();} catch(e) {}\" href=\"https:\/\/i0.wp.com\/1.bp.blogspot.com\/_7ICt0n5OGYg\/STueQtOlUMI\/AAAAAAAAAps\/STu432hUC18\/s1600-h\/laura_voutilainen.jpg\"><img data-recalc-dims=\"1\" decoding=\"async\" style=\"margin: 0px auto 10px; display: block; text-align: center; cursor: pointer; width: 213px; height: 320px;\" src=\"https:\/\/i0.wp.com\/1.bp.blogspot.com\/_7ICt0n5OGYg\/STueQtOlUMI\/AAAAAAAAAps\/STu432hUC18\/s320\/laura_voutilainen.jpg?w=1000\" alt=\"\" id=\"BLOGGER_PHOTO_ID_5276985398250524866\" border=\"0\" \/><\/a><a onblur=\"try {parent.deselectBloggerImageGracefully();} catch(e) {}\" href=\"https:\/\/i0.wp.com\/3.bp.blogspot.com\/_7ICt0n5OGYg\/STueQ-CebKI\/AAAAAAAAAp0\/ZkkSX-a3fOc\/s1600-h\/lauran%2Bselk%C3%A4.jpg\"><img data-recalc-dims=\"1\" decoding=\"async\" style=\"margin: 0px auto 10px; display: block; text-align: center; cursor: pointer; width: 213px; height: 320px;\" src=\"https:\/\/i0.wp.com\/3.bp.blogspot.com\/_7ICt0n5OGYg\/STueQ-CebKI\/AAAAAAAAAp0\/ZkkSX-a3fOc\/s320\/lauran%2Bselk%C3%A4.jpg?w=1000\" alt=\"\" id=\"BLOGGER_PHOTO_ID_5276985402763144354\" border=\"0\" \/><\/a><span style=\";font-family:georgia;font-size:85%;\"  ><span style=\"font-style: italic; font-weight: bold;\">Laura Voutilainen &#8211; upea, kantajansa tyylinen kokonaisuus,<\/span><\/span><br \/><span style=\";font-family:georgia;font-size:85%;\"  ><span style=\"font-style: italic; font-weight: bold;\">kangas on ehk\u00e4 hieman hassu mutta n\u00e4ytt\u00e4v\u00e4 ja erilainen<\/span><\/span><\/div>\n<p><span style=\";font-family:georgia;font-size:85%;\"  ><span style=\"font-style: italic; font-weight: bold;\"><br \/><\/span><\/span><\/p>\n<div style=\"text-align: center;\"><a onblur=\"try {parent.deselectBloggerImageGracefully();} catch(e) {}\" href=\"https:\/\/i0.wp.com\/3.bp.blogspot.com\/_7ICt0n5OGYg\/STueQj0LnrI\/AAAAAAAAApk\/71-Bpw4Tk1k\/s1600-h\/hannele_mikaela_taivassalo.jpg\"><img data-recalc-dims=\"1\" decoding=\"async\" style=\"margin: 0px auto 10px; display: block; text-align: center; cursor: pointer; width: 213px; height: 320px;\" src=\"https:\/\/i0.wp.com\/3.bp.blogspot.com\/_7ICt0n5OGYg\/STueQj0LnrI\/AAAAAAAAApk\/71-Bpw4Tk1k\/s320\/hannele_mikaela_taivassalo.jpg?w=1000\" alt=\"\" id=\"BLOGGER_PHOTO_ID_5276985395723869874\" border=\"0\" \/><\/a><span style=\"font-family: georgia;font-size:85%;\" ><span style=\"font-style: italic; font-weight: bold;\">Hannele Mikaela Taivassalo &#8211; yksi upeimmista vintage-puvuista,<br \/>hillityn tyylik\u00e4s<\/span><\/span><\/div>\n<p><span style=\";font-family:georgia;font-size:85%;\"  ><span style=\"font-style: italic; font-weight: bold;\"><br \/><\/span><\/span><span style=\"font-family:arial;\">Mukana oli paljon muitakin kauniita ja n\u00e4ytt\u00e4vi\u00e4 kuten voimistelija Ida Taari oranssissa, Anna Abreu hehkuvassa keltaisessa, Jutta Urpiainen hopeanharmaassa Metropolis-vaikutteisessa, Sirkka Mertala s\u00e4hk\u00f6nsinisess\u00e4 satiinissa ja Olli Heinosen puoliso vaalealle kullalle kimaltavassa puvussaan. <\/span><span style=\"font-family:arial;\">Tanja Vienonen-Saarela-Karpela-Erjolan puvusta en niin v\u00e4litt\u00e4nyt, mutta korvakorut olivat upeat.<\/span><\/p>\n<p><span style=\"font-family:arial;\">Pukuja joista en pit\u00e4nyt olivat Marja Tiuran musta kimallus jossa p\u00e4\u00e4ntien korut olivat v\u00e4h\u00e4n liikaa enk\u00e4 min\u00e4 ainakaan niit\u00e4 led-valoja erottanut, Elina Brotheruksen oranssi trikoomekko jota h\u00e4n n\u00e4kyv\u00e4sti kiskoi alasp\u00e4in k\u00e4teltyt\u00e4\u00e4n presidenttiparia, J\u00f6rn Donnerin puolison kaksiv\u00e4rinen olkaimeton puku joka n\u00e4ytti putoavan p\u00e4\u00e4lt\u00e4 hetken\u00e4 min\u00e4 hyv\u00e4ns\u00e4 ja Heli J\u00e4rvisen verhoista tehty kirjava puku joka mielest\u00e4ni olisi sopinut paremmin kes\u00e4isiin sukujuhliin. <\/span><\/p>\n<p><span style=\"font-family:arial;\">Olisi joskus mielenkiintoista tiet\u00e4\u00e4 mit\u00e4 ihmiset ajattelevat omista asuvalinnoistaan j\u00e4lkeenp\u00e4in n\u00e4hty\u00e4\u00e4n puvut kuvissa itsens\u00e4 p\u00e4\u00e4ll\u00e4. Tuleeko heille koskaan mieleen ett\u00e4 paremminkin olisi voinut valita&#8230;<\/p>\n<p><\/span><\/p>\n<div class=\"blogger-post-footer\"><script type=\"text\/javascript\">\nvar uri = 'http:\/\/impfi.tradedoubler.com\/imp?type(iframe)pool(325920)a(1605992)' + new String (Math.random()).substring (2, 11);\ndocument.write('<iframe loading=\"lazy\" src=\"'+uri +'\" width=\"468\" height=\"60\" frameborder=\"0\" border=\"0\" marginwidth=\"0\" marginheight=\"0\" scrolling=\"no\"><\/iframe>');\n<\/script><\/div>\n","protected":false},"excerpt":{"rendered":"<p>Perinteisesti aina itsen\u00e4isyysp\u00e4iv\u00e4n iltana kidutan is\u00e4nt\u00e4\u00e4 katsomalta Presidentinlinnan juhlavastaanottoa. N\u00e4in tapahtui t\u00e4n\u00e4kin vuonna. Varsinainen ohjelmahan on tappavan tyls\u00e4 mutta puvut kiinnostavat l\u00e4hinn\u00e4 ammatillisista syist\u00e4. Niin juhlapuku-tilaisuus kuin onkin, Linnan juhlat heijastelevat usein sen hetken naisten muotia ja yhteiskunnallisia ilmi\u00f6it\u00e4. Itse yleens\u00e4 l\u00f6h\u00f6ydyn sohvalle tilanteeseen sopivalla arvokuudella, verkkareissa, villasukissa ja trikootopissa, joulutorttujen ja kahvikupillisen kera. Suosituin&#8230; <\/p>\n<div class=\"link-more\"><a href=\"http:\/\/www.evildressmaker.com\/?p=105\">Read More<\/a><\/div>\n","protected":false},"author":1,"featured_media":0,"comment_status":"open","ping_status":"open","sticky":false,"template":"","format":"standard","meta":{"jetpack_post_was_ever_published":false,"_jetpack_newsletter_access":"","_jetpack_dont_email_post_to_subs":false,"_jetpack_newsletter_tier_id":0,"_jetpack_memberships_contains_paywalled_content":false,"_jetpack_memberships_contains_paid_content":false,"footnotes":"","jetpack_publicize_message":"","jetpack_publicize_feature_enabled":true,"jetpack_social_post_already_shared":false,"jetpack_social_options":{"image_generator_settings":{"template":"highway","default_image_id":0,"font":"","enabled":false},"version":2}},"categories":[31],"tags":[],"class_list":["post-105","post","type-post","status-publish","format-standard","hentry","category-muotiamuka-vaatehtimo"],"jetpack_publicize_connections":[],"jetpack_featured_media_url":"","jetpack_shortlink":"https:\/\/wp.me\/p2H8as-1H","jetpack_sharing_enabled":true,"jetpack_likes_enabled":true,"_links":{"self":[{"href":"http:\/\/www.evildressmaker.com\/index.php?rest_route=\/wp\/v2\/posts\/105","targetHints":{"allow":["GET"]}}],"collection":[{"href":"http:\/\/www.evildressmaker.com\/index.php?rest_route=\/wp\/v2\/posts"}],"about":[{"href":"http:\/\/www.evildressmaker.com\/index.php?rest_route=\/wp\/v2\/types\/post"}],"author":[{"embeddable":true,"href":"http:\/\/www.evildressmaker.com\/index.php?rest_route=\/wp\/v2\/users\/1"}],"replies":[{"embeddable":true,"href":"http:\/\/www.evildressmaker.com\/index.php?rest_route=%2Fwp%2Fv2%2Fcomments&post=105"}],"version-history":[{"count":0,"href":"http:\/\/www.evildressmaker.com\/index.php?rest_route=\/wp\/v2\/posts\/105\/revisions"}],"wp:attachment":[{"href":"http:\/\/www.evildressmaker.com\/index.php?rest_route=%2Fwp%2Fv2%2Fmedia&parent=105"}],"wp:term":[{"taxonomy":"category","embeddable":true,"href":"http:\/\/www.evildressmaker.com\/index.php?rest_route=%2Fwp%2Fv2%2Fcategories&post=105"},{"taxonomy":"post_tag","embeddable":true,"href":"http:\/\/www.evildressmaker.com\/index.php?rest_route=%2Fwp%2Fv2%2Ftags&post=105"}],"curies":[{"name":"wp","href":"https:\/\/api.w.org\/{rel}","templated":true}]}}